{"id":36585,"date":"2021-04-26T08:56:48","date_gmt":"2021-04-26T08:56:48","guid":{"rendered":"https:\/\/centrobebe.es\/?p=36585"},"modified":"2021-04-26T10:53:25","modified_gmt":"2021-04-26T10:53:25","slug":"paula-echevarria-pasea-a-su-hijo-con-el-cochecito-jane-crosslight","status":"publish","type":"post","link":"https:\/\/centrobebe.es\/en\/paula-echevarria-pasea-a-su-hijo-con-el-cochecito-jane-crosslight\/","title":{"rendered":"Paula Echevarr\u00eda pasea a su hijo con el cochecito Jan\u00e9 Crosslight"},"content":{"rendered":"<div data-elementor-type=\"wp-post\" data-elementor-id=\"36585\" class=\"elementor elementor-36585\">\n\t\t\t\t\t\t<section class=\"elementor-section elementor-top-section elementor-element elementor-element-4ea3d3f elementor-section-boxed elementor-section-height-default elementor-section-height-default\" data-id=\"4ea3d3f\" data-element_type=\"section\" data-e-type=\"section\">\n\t\t\t\t\t\t<div class=\"elementor-container elementor-column-gap-default\">\n\t\t\t\t\t<div class=\"elementor-column elementor-col-100 elementor-top-column elementor-element elementor-element-2a689cc\" data-id=\"2a689cc\" data-element_type=\"column\" data-e-type=\"column\">\n\t\t\t<div class=\"elementor-widget-wrap elementor-element-populated\">\n\t\t\t\t\t\t<div class=\"elementor-element elementor-element-dc5f497 elementor-widget elementor-widget-image\" data-id=\"dc5f497\" data-element_type=\"widget\" data-e-type=\"widget\" data-widget_type=\"image.default\">\n\t\t\t\t<div class=\"elementor-widget-container\">\n\t\t\t\t\t\t\t\t\t\t\t\t\t\t\t<img decoding=\"async\" src=\"https:\/\/centrobebe.es\/wp-content\/uploads\/crosslight-paula-echevarria-3.jpg\" title=\"\" alt=\"\" loading=\"lazy\" \/>\t\t\t\t\t\t\t\t\t\t\t\t\t\t\t<\/div>\n\t\t\t\t<\/div>\n\t\t\t\t\t<\/div>\n\t\t<\/div>\n\t\t\t\t\t<\/div>\n\t\t<\/section>\n\t\t\t\t<section class=\"elementor-section elementor-top-section elementor-element elementor-element-c219c15 elementor-section-boxed elementor-section-height-default elementor-section-height-default\" data-id=\"c219c15\" data-element_type=\"section\" data-e-type=\"section\">\n\t\t\t\t\t\t<div class=\"elementor-container elementor-column-gap-default\">\n\t\t\t\t\t<div class=\"elementor-column elementor-col-100 elementor-top-column elementor-element elementor-element-606acc7\" data-id=\"606acc7\" data-element_type=\"column\" data-e-type=\"column\">\n\t\t\t<div class=\"elementor-widget-wrap elementor-element-populated\">\n\t\t\t\t\t\t<div class=\"elementor-element elementor-element-4ee6246b elementor-widget elementor-widget-text-editor\" data-id=\"4ee6246b\" data-element_type=\"widget\" data-e-type=\"widget\" data-widget_type=\"text-editor.default\">\n\t\t\t\t<div class=\"elementor-widget-container\">\n\t\t\t\t\t\t\t\t\t<p>La actriz <strong>Paula Echevarr\u00eda<\/strong>, dio\u00a0a luz a su segundo hijo Miguel Jr el pasado 11 de abril junto a su pareja el exfutbolista Miguel Torres.<br \/><br \/>Unos d\u00edas atr\u00e1s, ambos han acudido por primera vez a la visita del pediatra y hemos podido ver c\u00f3mo han llevado al peque\u00f1o en el <strong>cochecito Crosslight<\/strong>, el \u00faltimo lanzamiento de Jan\u00e9. El modelo Crosslight se caracteriza por ser un<strong> todoterreno<\/strong>, apto para los paseos por la ciudad y perfecto para disfrutar de la naturaleza, pero adem\u00e1s resulta <strong>muy ligero<\/strong> gracias a su chasis de aluminio.<br \/><br \/>Para los paseos durante los primeros meses, Paula Echevarr\u00eda, que cuenta con m\u00e1s de 3 millones y medio de seguidores en su perfil de instagram, ha optado por <strong>la combinaci\u00f3n d\u00fao junto con el capazo Micro BB.<\/strong> Una opci\u00f3n muy acertada ya que capazo blando\u00a0<\/p>\t\t\t\t\t\t\t\t<\/div>\n\t\t\t\t<\/div>\n\t\t\t\t\t<\/div>\n\t\t<\/div>\n\t\t\t\t\t<\/div>\n\t\t<\/section>\n\t\t\t\t<section class=\"elementor-section elementor-top-section elementor-element elementor-element-8a26d82 elementor-section-boxed elementor-section-height-default elementor-section-height-default\" data-id=\"8a26d82\" data-element_type=\"section\" data-e-type=\"section\">\n\t\t\t\t\t\t<div class=\"elementor-container elementor-column-gap-default\">\n\t\t\t\t\t<div class=\"elementor-column elementor-col-50 elementor-top-column elementor-element elementor-element-d7d918c\" data-id=\"d7d918c\" data-element_type=\"column\" data-e-type=\"column\">\n\t\t\t<div class=\"elementor-widget-wrap elementor-element-populated\">\n\t\t\t\t\t\t<div class=\"elementor-element elementor-element-b0ed5c1 elementor-widget elementor-widget-image\" data-id=\"b0ed5c1\" data-element_type=\"widget\" data-e-type=\"widget\" data-widget_type=\"image.default\">\n\t\t\t\t<div class=\"elementor-widget-container\">\n\t\t\t\t\t\t\t\t\t\t\t\t\t\t\t<img decoding=\"async\" src=\"https:\/\/centrobebe.es\/wp-content\/uploads\/crosslight-paula-echevarria-2.jpg\" title=\"\" alt=\"\" loading=\"lazy\" \/>\t\t\t\t\t\t\t\t\t\t\t\t\t\t\t<\/div>\n\t\t\t\t<\/div>\n\t\t\t\t\t<\/div>\n\t\t<\/div>\n\t\t\t\t<div class=\"elementor-column elementor-col-50 elementor-top-column elementor-element elementor-element-6bb49e6\" data-id=\"6bb49e6\" data-element_type=\"column\" data-e-type=\"column\">\n\t\t\t<div class=\"elementor-widget-wrap elementor-element-populated\">\n\t\t\t\t\t\t<div class=\"elementor-element elementor-element-e3f25ee elementor-widget elementor-widget-image\" data-id=\"e3f25ee\" data-element_type=\"widget\" data-e-type=\"widget\" data-widget_type=\"image.default\">\n\t\t\t\t<div class=\"elementor-widget-container\">\n\t\t\t\t\t\t\t\t\t\t\t\t\t\t\t<img decoding=\"async\" src=\"https:\/\/centrobebe.es\/wp-content\/uploads\/crosslight-paula-echevarria-1.jpg\" title=\"\" alt=\"\" loading=\"lazy\" \/>\t\t\t\t\t\t\t\t\t\t\t\t\t\t\t<\/div>\n\t\t\t\t<\/div>\n\t\t\t\t\t<\/div>\n\t\t<\/div>\n\t\t\t\t\t<\/div>\n\t\t<\/section>\n\t\t\t\t<section class=\"elementor-section elementor-top-section elementor-element elementor-element-ab450cb elementor-section-boxed elementor-section-height-default elementor-section-height-default\" data-id=\"ab450cb\" data-element_type=\"section\" data-e-type=\"section\">\n\t\t\t\t\t\t<div class=\"elementor-container elementor-column-gap-default\">\n\t\t\t\t\t<div class=\"elementor-column elementor-col-100 elementor-top-column elementor-element elementor-element-8a6292a\" data-id=\"8a6292a\" data-element_type=\"column\" data-e-type=\"column\">\n\t\t\t<div class=\"elementor-widget-wrap elementor-element-populated\">\n\t\t\t\t\t\t<div class=\"elementor-element elementor-element-d676c9e elementor-widget elementor-widget-image\" data-id=\"d676c9e\" data-element_type=\"widget\" data-e-type=\"widget\" data-widget_type=\"image.default\">\n\t\t\t\t<div class=\"elementor-widget-container\">\n\t\t\t\t\t\t\t\t\t\t\t\t\t\t\t\t<a href=\"https:\/\/centrobebe.es\/en\/?s=crosslight&#038;post_type=product\">\n\t\t\t\t\t\t\t<img fetchpriority=\"high\" decoding=\"async\" width=\"365\" height=\"138\" src=\"https:\/\/centrobebe.es\/wp-content\/uploads\/BOTON-COMPRAR-AHORA.png\" class=\"attachment-large size-large wp-image-17301 wvs-archive-product-image\" alt=\"\" srcset=\"https:\/\/centrobebe.es\/wp-content\/uploads\/BOTON-COMPRAR-AHORA.png 365w, https:\/\/centrobebe.es\/wp-content\/uploads\/BOTON-COMPRAR-AHORA-360x136.png 360w, https:\/\/centrobebe.es\/wp-content\/uploads\/BOTON-COMPRAR-AHORA-142x54.png 142w, https:\/\/centrobebe.es\/wp-content\/uploads\/BOTON-COMPRAR-AHORA-140x53.png 140w\" sizes=\"(max-width: 365px) 100vw, 365px\" \/>\t\t\t\t\t\t\t\t<\/a>\n\t\t\t\t\t\t\t\t\t\t\t\t\t\t\t<\/div>\n\t\t\t\t<\/div>\n\t\t\t\t\t<\/div>\n\t\t<\/div>\n\t\t\t\t\t<\/div>\n\t\t<\/section>\n\t\t\t\t<\/div>","protected":false},"excerpt":{"rendered":"<p>La actriz Paula Echevarr\u00eda, dio\u00a0a luz a su segundo hijo Miguel Jr el pasado 11 de abril junto a su pareja el exfutbolista Miguel Torres. Unos d\u00edas atr\u00e1s, ambos han acudido por primera vez a la visita del pediatra y hemos podido ver c\u00f3mo han llevado al peque\u00f1o en el cochecito Crosslight, el \u00faltimo lanzamiento de Jan\u00e9. El modelo Crosslight se caracteriza por ser un todoterreno, apto para los paseos por la ciudad y perfecto para disfrutar de la naturaleza, pero adem\u00e1s resulta muy&hellip;<\/p>","protected":false},"author":2,"featured_media":0,"comment_status":"closed","ping_status":"closed","sticky":false,"template":"elementor_theme","format":"standard","meta":{"footnotes":""},"categories":[492],"tags":[],"class_list":["post-36585","post","type-post","status-publish","format-standard","hentry","category-noticias"],"yoast_head":"<!-- This site is optimized with the Yoast SEO plugin v26.9 - https:\/\/yoast.com\/product\/yoast-seo-wordpress\/ -->\n<title>Paula Echevarr\u00eda pasea a su hijo con el cochecito Jan\u00e9 Crosslight - Centrobeb\u00e9<\/title>\n<meta name=\"description\" content=\"Paula Echavarria elige Jane Crosslight, ultima novedad 2021 de Jane, un coche ligero y moderno. Compralo al mejo precio !! Financia a tu medida!!\" \/>\n<meta name=\"robots\" content=\"index, follow, max-snippet:-1, max-image-preview:large, max-video-preview:-1\" \/>\n<link rel=\"canonical\" href=\"https:\/\/centrobebe.es\/en\/paula-echevarria-pasea-a-su-hijo-con-el-cochecito-jane-crosslight\/\" \/>\n<meta property=\"og:locale\" content=\"en_GB\" \/>\n<meta property=\"og:type\" content=\"article\" \/>\n<meta property=\"og:title\" content=\"Paula Echevarr\u00eda pasea a su hijo con el cochecito Jan\u00e9 Crosslight - Centrobeb\u00e9\" \/>\n<meta property=\"og:description\" content=\"Paula Echavarria elige Jane Crosslight, ultima novedad 2021 de Jane, un coche ligero y moderno. Compralo al mejo precio !! Financia a tu medida!!\" \/>\n<meta property=\"og:url\" content=\"https:\/\/centrobebe.es\/en\/paula-echevarria-pasea-a-su-hijo-con-el-cochecito-jane-crosslight\/\" \/>\n<meta property=\"og:site_name\" content=\"Centrobeb\u00e9\" \/>\n<meta property=\"article:publisher\" content=\"https:\/\/www.facebook.com\/centrobebe\/\" \/>\n<meta property=\"article:published_time\" content=\"2021-04-26T08:56:48+00:00\" \/>\n<meta property=\"article:modified_time\" content=\"2021-04-26T10:53:25+00:00\" \/>\n<meta property=\"og:image\" content=\"https:\/\/centrobebe.es\/wp-content\/uploads\/crosslight-paula-echevarria-3-456x590.jpg\" \/>\n<meta name=\"author\" content=\"Angel Redondo\" \/>\n<meta name=\"twitter:card\" content=\"summary_large_image\" \/>\n<meta name=\"twitter:creator\" content=\"@centrobebe\" \/>\n<meta name=\"twitter:site\" content=\"@centrobebe\" \/>\n<meta name=\"twitter:label1\" content=\"Written by\" \/>\n\t<meta name=\"twitter:data1\" content=\"Angel Redondo\" \/>\n\t<meta name=\"twitter:label2\" content=\"Estimated reading time\" \/>\n\t<meta name=\"twitter:data2\" content=\"1 minute\" \/>\n<script type=\"application\/ld+json\" class=\"yoast-schema-graph\">{\"@context\":\"https:\/\/schema.org\",\"@graph\":[{\"@type\":\"Article\",\"@id\":\"https:\/\/centrobebe.es\/paula-echevarria-pasea-a-su-hijo-con-el-cochecito-jane-crosslight\/#article\",\"isPartOf\":{\"@id\":\"https:\/\/centrobebe.es\/paula-echevarria-pasea-a-su-hijo-con-el-cochecito-jane-crosslight\/\"},\"author\":{\"name\":\"Angel Redondo\",\"@id\":\"https:\/\/centrobebe.es\/#\/schema\/person\/e628362b2af6a4ca6cc2a3f03873c783\"},\"headline\":\"Paula Echevarr\u00eda pasea a su hijo con el cochecito Jan\u00e9 Crosslight\",\"datePublished\":\"2021-04-26T08:56:48+00:00\",\"dateModified\":\"2021-04-26T10:53:25+00:00\",\"mainEntityOfPage\":{\"@id\":\"https:\/\/centrobebe.es\/paula-echevarria-pasea-a-su-hijo-con-el-cochecito-jane-crosslight\/\"},\"wordCount\":158,\"publisher\":{\"@id\":\"https:\/\/centrobebe.es\/#organization\"},\"image\":{\"@id\":\"https:\/\/centrobebe.es\/paula-echevarria-pasea-a-su-hijo-con-el-cochecito-jane-crosslight\/#primaryimage\"},\"thumbnailUrl\":\"https:\/\/centrobebe.es\/wp-content\/uploads\/crosslight-paula-echevarria-3-456x590.jpg\",\"articleSection\":[\"Noticias\"],\"inLanguage\":\"en-GB\"},{\"@type\":\"WebPage\",\"@id\":\"https:\/\/centrobebe.es\/paula-echevarria-pasea-a-su-hijo-con-el-cochecito-jane-crosslight\/\",\"url\":\"https:\/\/centrobebe.es\/paula-echevarria-pasea-a-su-hijo-con-el-cochecito-jane-crosslight\/\",\"name\":\"Paula Echevarr\u00eda pasea a su hijo con el cochecito Jan\u00e9 Crosslight - Centrobeb\u00e9\",\"isPartOf\":{\"@id\":\"https:\/\/centrobebe.es\/#website\"},\"primaryImageOfPage\":{\"@id\":\"https:\/\/centrobebe.es\/paula-echevarria-pasea-a-su-hijo-con-el-cochecito-jane-crosslight\/#primaryimage\"},\"image\":{\"@id\":\"https:\/\/centrobebe.es\/paula-echevarria-pasea-a-su-hijo-con-el-cochecito-jane-crosslight\/#primaryimage\"},\"thumbnailUrl\":\"https:\/\/centrobebe.es\/wp-content\/uploads\/crosslight-paula-echevarria-3-456x590.jpg\",\"datePublished\":\"2021-04-26T08:56:48+00:00\",\"dateModified\":\"2021-04-26T10:53:25+00:00\",\"description\":\"Paula Echavarria elige Jane Crosslight, ultima novedad 2021 de Jane, un coche ligero y moderno. Compralo al mejo precio !! Financia a tu medida!!\",\"breadcrumb\":{\"@id\":\"https:\/\/centrobebe.es\/paula-echevarria-pasea-a-su-hijo-con-el-cochecito-jane-crosslight\/#breadcrumb\"},\"inLanguage\":\"en-GB\",\"potentialAction\":[{\"@type\":\"ReadAction\",\"target\":[\"https:\/\/centrobebe.es\/paula-echevarria-pasea-a-su-hijo-con-el-cochecito-jane-crosslight\/\"]}]},{\"@type\":\"ImageObject\",\"inLanguage\":\"en-GB\",\"@id\":\"https:\/\/centrobebe.es\/paula-echevarria-pasea-a-su-hijo-con-el-cochecito-jane-crosslight\/#primaryimage\",\"url\":\"https:\/\/centrobebe.es\/wp-content\/uploads\/crosslight-paula-echevarria-3-456x590.jpg\",\"contentUrl\":\"https:\/\/centrobebe.es\/wp-content\/uploads\/crosslight-paula-echevarria-3-456x590.jpg\"},{\"@type\":\"BreadcrumbList\",\"@id\":\"https:\/\/centrobebe.es\/paula-echevarria-pasea-a-su-hijo-con-el-cochecito-jane-crosslight\/#breadcrumb\",\"itemListElement\":[{\"@type\":\"ListItem\",\"position\":1,\"name\":\"Portada\",\"item\":\"https:\/\/centrobebe.es\/\"},{\"@type\":\"ListItem\",\"position\":2,\"name\":\"Paula Echevarr\u00eda pasea a su hijo con el cochecito Jan\u00e9 Crosslight\"}]},{\"@type\":\"WebSite\",\"@id\":\"https:\/\/centrobebe.es\/#website\",\"url\":\"https:\/\/centrobebe.es\/\",\"name\":\"Centrobeb\u00e9\",\"description\":\"Tienda de bebe online | Todo lo que tu bebe necesita\",\"publisher\":{\"@id\":\"https:\/\/centrobebe.es\/#organization\"},\"alternateName\":\"Centrobeb\u00e9\",\"potentialAction\":[{\"@type\":\"SearchAction\",\"target\":{\"@type\":\"EntryPoint\",\"urlTemplate\":\"https:\/\/centrobebe.es\/?s={search_term_string}\"},\"query-input\":{\"@type\":\"PropertyValueSpecification\",\"valueRequired\":true,\"valueName\":\"search_term_string\"}}],\"inLanguage\":\"en-GB\"},{\"@type\":\"Organization\",\"@id\":\"https:\/\/centrobebe.es\/#organization\",\"name\":\"Centrobebe\",\"alternateName\":\"Centrobebe\",\"url\":\"https:\/\/centrobebe.es\/\",\"logo\":{\"@type\":\"ImageObject\",\"inLanguage\":\"en-GB\",\"@id\":\"https:\/\/centrobebe.es\/#\/schema\/logo\/image\/\",\"url\":\"https:\/\/centrobebe.es\/wp-content\/uploads\/2018\/06\/icono3-e1557940133982.png\",\"contentUrl\":\"https:\/\/centrobebe.es\/wp-content\/uploads\/2018\/06\/icono3-e1557940133982.png\",\"width\":34,\"height\":29,\"caption\":\"Centrobebe\"},\"image\":{\"@id\":\"https:\/\/centrobebe.es\/#\/schema\/logo\/image\/\"},\"sameAs\":[\"https:\/\/www.facebook.com\/centrobebe\/\",\"https:\/\/x.com\/centrobebe\",\"https:\/\/www.instagram.com\/centrobebe.es\/\",\"https:\/\/www.youtube.com\/channel\/UCVU-jcFuwntnxOhxvSbf3hg\"]},{\"@type\":\"Person\",\"@id\":\"https:\/\/centrobebe.es\/#\/schema\/person\/e628362b2af6a4ca6cc2a3f03873c783\",\"name\":\"Angel Redondo\",\"image\":{\"@type\":\"ImageObject\",\"inLanguage\":\"en-GB\",\"@id\":\"https:\/\/centrobebe.es\/#\/schema\/person\/image\/\",\"url\":\"https:\/\/secure.gravatar.com\/avatar\/efb44b5ca5b563777bd3d20c0c80e9a99facd21a85a0e8038947e559a29052d4?s=96&d=mm&r=g\",\"contentUrl\":\"https:\/\/secure.gravatar.com\/avatar\/efb44b5ca5b563777bd3d20c0c80e9a99facd21a85a0e8038947e559a29052d4?s=96&d=mm&r=g\",\"caption\":\"Angel Redondo\"}}]}<\/script>\n<!-- \/ Yoast SEO plugin. -->","yoast_head_json":{"title":"Paula Echevarr\u00eda pasea a su hijo con el cochecito Jan\u00e9 Crosslight - Centrobeb\u00e9","description":"Paula Echavarria elige Jane Crosslight, ultima novedad 2021 de Jane, un coche ligero y moderno. Compralo al mejo precio !! Financia a tu medida!!","robots":{"index":"index","follow":"follow","max-snippet":"max-snippet:-1","max-image-preview":"max-image-preview:large","max-video-preview":"max-video-preview:-1"},"canonical":"https:\/\/centrobebe.es\/en\/paula-echevarria-pasea-a-su-hijo-con-el-cochecito-jane-crosslight\/","og_locale":"en_GB","og_type":"article","og_title":"Paula Echevarr\u00eda pasea a su hijo con el cochecito Jan\u00e9 Crosslight - Centrobeb\u00e9","og_description":"Paula Echavarria elige Jane Crosslight, ultima novedad 2021 de Jane, un coche ligero y moderno. Compralo al mejo precio !! Financia a tu medida!!","og_url":"https:\/\/centrobebe.es\/en\/paula-echevarria-pasea-a-su-hijo-con-el-cochecito-jane-crosslight\/","og_site_name":"Centrobeb\u00e9","article_publisher":"https:\/\/www.facebook.com\/centrobebe\/","article_published_time":"2021-04-26T08:56:48+00:00","article_modified_time":"2021-04-26T10:53:25+00:00","og_image":[{"url":"https:\/\/centrobebe.es\/wp-content\/uploads\/crosslight-paula-echevarria-3-456x590.jpg","type":"","width":"","height":""}],"author":"Angel Redondo","twitter_card":"summary_large_image","twitter_creator":"@centrobebe","twitter_site":"@centrobebe","twitter_misc":{"Written by":"Angel Redondo","Estimated reading time":"1 minute"},"schema":{"@context":"https:\/\/schema.org","@graph":[{"@type":"Article","@id":"https:\/\/centrobebe.es\/paula-echevarria-pasea-a-su-hijo-con-el-cochecito-jane-crosslight\/#article","isPartOf":{"@id":"https:\/\/centrobebe.es\/paula-echevarria-pasea-a-su-hijo-con-el-cochecito-jane-crosslight\/"},"author":{"name":"Angel Redondo","@id":"https:\/\/centrobebe.es\/#\/schema\/person\/e628362b2af6a4ca6cc2a3f03873c783"},"headline":"Paula Echevarr\u00eda pasea a su hijo con el cochecito Jan\u00e9 Crosslight","datePublished":"2021-04-26T08:56:48+00:00","dateModified":"2021-04-26T10:53:25+00:00","mainEntityOfPage":{"@id":"https:\/\/centrobebe.es\/paula-echevarria-pasea-a-su-hijo-con-el-cochecito-jane-crosslight\/"},"wordCount":158,"publisher":{"@id":"https:\/\/centrobebe.es\/#organization"},"image":{"@id":"https:\/\/centrobebe.es\/paula-echevarria-pasea-a-su-hijo-con-el-cochecito-jane-crosslight\/#primaryimage"},"thumbnailUrl":"https:\/\/centrobebe.es\/wp-content\/uploads\/crosslight-paula-echevarria-3-456x590.jpg","articleSection":["Noticias"],"inLanguage":"en-GB"},{"@type":"WebPage","@id":"https:\/\/centrobebe.es\/paula-echevarria-pasea-a-su-hijo-con-el-cochecito-jane-crosslight\/","url":"https:\/\/centrobebe.es\/paula-echevarria-pasea-a-su-hijo-con-el-cochecito-jane-crosslight\/","name":"Paula Echevarr\u00eda pasea a su hijo con el cochecito Jan\u00e9 Crosslight - Centrobeb\u00e9","isPartOf":{"@id":"https:\/\/centrobebe.es\/#website"},"primaryImageOfPage":{"@id":"https:\/\/centrobebe.es\/paula-echevarria-pasea-a-su-hijo-con-el-cochecito-jane-crosslight\/#primaryimage"},"image":{"@id":"https:\/\/centrobebe.es\/paula-echevarria-pasea-a-su-hijo-con-el-cochecito-jane-crosslight\/#primaryimage"},"thumbnailUrl":"https:\/\/centrobebe.es\/wp-content\/uploads\/crosslight-paula-echevarria-3-456x590.jpg","datePublished":"2021-04-26T08:56:48+00:00","dateModified":"2021-04-26T10:53:25+00:00","description":"Paula Echavarria elige Jane Crosslight, ultima novedad 2021 de Jane, un coche ligero y moderno. Compralo al mejo precio !! Financia a tu medida!!","breadcrumb":{"@id":"https:\/\/centrobebe.es\/paula-echevarria-pasea-a-su-hijo-con-el-cochecito-jane-crosslight\/#breadcrumb"},"inLanguage":"en-GB","potentialAction":[{"@type":"ReadAction","target":["https:\/\/centrobebe.es\/paula-echevarria-pasea-a-su-hijo-con-el-cochecito-jane-crosslight\/"]}]},{"@type":"ImageObject","inLanguage":"en-GB","@id":"https:\/\/centrobebe.es\/paula-echevarria-pasea-a-su-hijo-con-el-cochecito-jane-crosslight\/#primaryimage","url":"https:\/\/centrobebe.es\/wp-content\/uploads\/crosslight-paula-echevarria-3-456x590.jpg","contentUrl":"https:\/\/centrobebe.es\/wp-content\/uploads\/crosslight-paula-echevarria-3-456x590.jpg"},{"@type":"BreadcrumbList","@id":"https:\/\/centrobebe.es\/paula-echevarria-pasea-a-su-hijo-con-el-cochecito-jane-crosslight\/#breadcrumb","itemListElement":[{"@type":"ListItem","position":1,"name":"Portada","item":"https:\/\/centrobebe.es\/"},{"@type":"ListItem","position":2,"name":"Paula Echevarr\u00eda pasea a su hijo con el cochecito Jan\u00e9 Crosslight"}]},{"@type":"WebSite","@id":"https:\/\/centrobebe.es\/#website","url":"https:\/\/centrobebe.es\/","name":"Centrobeb\u00e9","description":"Tienda de bebe online | Todo lo que tu bebe necesita","publisher":{"@id":"https:\/\/centrobebe.es\/#organization"},"alternateName":"Centrobeb\u00e9","potentialAction":[{"@type":"SearchAction","target":{"@type":"EntryPoint","urlTemplate":"https:\/\/centrobebe.es\/?s={search_term_string}"},"query-input":{"@type":"PropertyValueSpecification","valueRequired":true,"valueName":"search_term_string"}}],"inLanguage":"en-GB"},{"@type":"Organization","@id":"https:\/\/centrobebe.es\/#organization","name":"Centrobebe","alternateName":"Centrobebe","url":"https:\/\/centrobebe.es\/","logo":{"@type":"ImageObject","inLanguage":"en-GB","@id":"https:\/\/centrobebe.es\/#\/schema\/logo\/image\/","url":"https:\/\/centrobebe.es\/wp-content\/uploads\/2018\/06\/icono3-e1557940133982.png","contentUrl":"https:\/\/centrobebe.es\/wp-content\/uploads\/2018\/06\/icono3-e1557940133982.png","width":34,"height":29,"caption":"Centrobebe"},"image":{"@id":"https:\/\/centrobebe.es\/#\/schema\/logo\/image\/"},"sameAs":["https:\/\/www.facebook.com\/centrobebe\/","https:\/\/x.com\/centrobebe","https:\/\/www.instagram.com\/centrobebe.es\/","https:\/\/www.youtube.com\/channel\/UCVU-jcFuwntnxOhxvSbf3hg"]},{"@type":"Person","@id":"https:\/\/centrobebe.es\/#\/schema\/person\/e628362b2af6a4ca6cc2a3f03873c783","name":"Angel Redondo","image":{"@type":"ImageObject","inLanguage":"en-GB","@id":"https:\/\/centrobebe.es\/#\/schema\/person\/image\/","url":"https:\/\/secure.gravatar.com\/avatar\/efb44b5ca5b563777bd3d20c0c80e9a99facd21a85a0e8038947e559a29052d4?s=96&d=mm&r=g","contentUrl":"https:\/\/secure.gravatar.com\/avatar\/efb44b5ca5b563777bd3d20c0c80e9a99facd21a85a0e8038947e559a29052d4?s=96&d=mm&r=g","caption":"Angel Redondo"}}]}},"_links":{"self":[{"href":"https:\/\/centrobebe.es\/en\/wp-json\/wp\/v2\/posts\/36585","targetHints":{"allow":["GET"]}}],"collection":[{"href":"https:\/\/centrobebe.es\/en\/wp-json\/wp\/v2\/posts"}],"about":[{"href":"https:\/\/centrobebe.es\/en\/wp-json\/wp\/v2\/types\/post"}],"author":[{"embeddable":true,"href":"https:\/\/centrobebe.es\/en\/wp-json\/wp\/v2\/users\/2"}],"replies":[{"embeddable":true,"href":"https:\/\/centrobebe.es\/en\/wp-json\/wp\/v2\/comments?post=36585"}],"version-history":[{"count":0,"href":"https:\/\/centrobebe.es\/en\/wp-json\/wp\/v2\/posts\/36585\/revisions"}],"wp:attachment":[{"href":"https:\/\/centrobebe.es\/en\/wp-json\/wp\/v2\/media?parent=36585"}],"wp:term":[{"taxonomy":"category","embeddable":true,"href":"https:\/\/centrobebe.es\/en\/wp-json\/wp\/v2\/categories?post=36585"},{"taxonomy":"post_tag","embeddable":true,"href":"https:\/\/centrobebe.es\/en\/wp-json\/wp\/v2\/tags?post=36585"}],"curies":[{"name":"wp","href":"https:\/\/api.w.org\/{rel}","templated":true}]}}